{"id":7647,"date":"2025-11-25T11:27:33","date_gmt":"2025-11-25T10:27:33","guid":{"rendered":"https:\/\/fesmcugt.online\/ugt-sol%c2%b7licita-un-acord-per-les-sortides-a-bbva\/"},"modified":"2025-11-25T11:32:34","modified_gmt":"2025-11-25T10:32:34","slug":"ugt-sol%c2%b7licita-un-acord-per-les-sortides-a-bbva","status":"publish","type":"post","link":"https:\/\/fesmcugt.online\/ca\/arees\/circulars\/ugt-sol%c2%b7licita-un-acord-per-les-sortides-a-bbva\/","title":{"rendered":"UGT SOL\u00b7LICITA UN ACORD PER LES SORTIDES A BBVA"},"content":{"rendered":"\n<p>La reuni\u00f3 de dimarts ens ha deixat amb molts dubtes. No estem en condicions de valorar l\u2019abast d\u2019aquesta acci\u00f3 en descon\u00e8ixer-ho tot: no ens han dit la magnitud (han comentat que afectar\u00e0 totes les \u00e0rees de SSCC), no ens han explicat les condicions (van dir que serien bones, per\u00f2 sense especificar si iguals per a tothom, si hi ha trams definits\u2026). Simplement se\u2019ns ha traslladat que hi haur\u00e0 un sondeig en les \u00e0rees susceptibles de millores en mat\u00e8ria d\u2019efici\u00e8ncia del treball, i en funci\u00f3 de l\u2019\u00e8xit del sondeig es definir\u00e0 l\u2019abast. Una cosa s\u00ed que han dit clarament: <strong>NO afectar\u00e0 a XARXA ni l\u2019\u00e0rea de negoci ni els \u201cllocs cr\u00edtics??\u201d<\/strong>.<\/p>\n\n\n<style>.wp-block-kadence-advancedbtn.kb-btns7647_9fcf66-c9{gap:var(--global-kb-gap-xs, 0.5rem );justify-content:center;align-items:center;}.kt-btns7647_9fcf66-c9 .kt-button{font-weight:normal;font-style:normal;}<\/style>\n<div class=\"wp-block-kadence-advancedbtn kb-buttons-wrap kb-btns7647_9fcf66-c9\"><style>ul.menu .wp-block-kadence-advancedbtn .kb-btn7647_b9c618-2c.kb-button{width:initial;}.wp-block-kadence-advancedbtn .kb-btn7647_b9c618-2c.kb-button{color:#ffffff;background:#cf2e2e;border-top-color:#555555;border-top-style:solid;border-right-color:#555555;border-right-style:solid;border-bottom-color:#555555;border-bottom-style:solid;border-left-color:#555555;border-left-style:solid;}.wp-block-kadence-advancedbtn .kb-btn7647_b9c618-2c.kb-button:hover, .wp-block-kadence-advancedbtn .kb-btn7647_b9c618-2c.kb-button:focus{color:#ffffff;background:#444444;border-top-color:#444444;border-top-style:solid;border-right-color:#444444;border-right-style:solid;border-bottom-color:#444444;border-bottom-style:solid;border-left-color:#444444;border-left-style:solid;}@media all and (max-width: 1024px){.wp-block-kadence-advancedbtn .kb-btn7647_b9c618-2c.kb-button{border-top-color:#555555;border-top-style:solid;border-right-color:#555555;border-right-style:solid;border-bottom-color:#555555;border-bottom-style:solid;border-left-color:#555555;border-left-style:solid;}}@media all and (max-width: 1024px){.wp-block-kadence-advancedbtn .kb-btn7647_b9c618-2c.kb-button:hover, .wp-block-kadence-advancedbtn .kb-btn7647_b9c618-2c.kb-button:focus{border-top-color:#444444;border-top-style:solid;border-right-color:#444444;border-right-style:solid;border-bottom-color:#444444;border-bottom-style:solid;border-left-color:#444444;border-left-style:solid;}}@media all and (max-width: 767px){.wp-block-kadence-advancedbtn .kb-btn7647_b9c618-2c.kb-button{border-top-color:#555555;border-top-style:solid;border-right-color:#555555;border-right-style:solid;border-bottom-color:#555555;border-bottom-style:solid;border-left-color:#555555;border-left-style:solid;}.wp-block-kadence-advancedbtn .kb-btn7647_b9c618-2c.kb-button:hover, .wp-block-kadence-advancedbtn .kb-btn7647_b9c618-2c.kb-button:focus{border-top-color:#444444;border-top-style:solid;border-right-color:#444444;border-right-style:solid;border-bottom-color:#444444;border-bottom-style:solid;border-left-color:#444444;border-left-style:solid;}}<\/style><a class=\"kb-button kt-button button kb-btn7647_b9c618-2c kt-btn-size-standard kt-btn-width-type-auto kb-btn-global-outline  kt-btn-has-text-true kt-btn-has-svg-false  wp-block-kadence-singlebtn\" href=\"http:\/\/fesmcugt.online\/wp-content\/uploads\/2025\/11\/Circ-Salidas-BBVA-Catalan.pdf\" target=\"_blank\" rel=\"noreferrer noopener\"><span class=\"kt-btn-inner-text\">Descargar PDF <\/span><\/a><\/div>\n\n\n\n<p><\/p>\n","protected":false},"excerpt":{"rendered":"<p>La reuni\u00f3 de dimarts ens ha deixat amb molts dubtes. No estem en condicions de valorar l\u2019abast d\u2019aquesta acci\u00f3 en descon\u00e8ixer-ho tot: no ens han dit la magnitud (han comentat que afectar\u00e0 totes les \u00e0rees de SSCC), no ens han explicat les condicions (van dir que serien bones, per\u00f2 sense especificar si iguals per a &#8230; <a title=\"UGT SOL\u00b7LICITA UN ACORD PER LES SORTIDES A BBVA\" class=\"read-more\" href=\"https:\/\/fesmcugt.online\/ca\/arees\/circulars\/ugt-sol%c2%b7licita-un-acord-per-les-sortides-a-bbva\/\" aria-label=\"M\u00e9s informaci\u00f3 sobre UGT SOL\u00b7LICITA UN ACORD PER LES SORTIDES A BBVA\">Llegiu m\u00e9s<\/a><\/p>\n","protected":false},"author":7,"featured_media":7641,"comment_status":"open","ping_status":"open","sticky":false,"template":"","format":"standard","meta":{"_acf_changed":false,"_seopress_robots_primary_cat":"99","_seopress_titles_title":"","_seopress_titles_desc":"La reuni\u00f3 de dimarts ens ha deixat amb molts dubtes. No estem en condicions de valorar l\u2019abast d\u2019aquesta acci\u00f3 en descon\u00e8ixer-ho tot: no ens han dit la magnitud (han comentat que afectar\u00e0 totes les \u00e0rees de SSCC), no ens han explicat les condicions (van dir que serien bones, per\u00f2 sense especificar si iguals per a tothom, si hi ha trams definits\u2026). Simplement se\u2019ns ha traslladat que hi haur\u00e0 un sondeig en les \u00e0rees susceptibles de  millores en mat\u00e8ria d\u2019efici\u00e8ncia del treball, i en funci\u00f3 de l\u2019\u00e8xit del sondeig es definir\u00e0 l\u2019abast.  Una cosa s\u00ed que han dit clarament: NO afectar\u00e0 a XARXAni l\u2019\u00e0rea de negoci ni els \u201cllocs cr\u00edtics??\u201d.","_seopress_robots_index":"","_editorskit_title_hidden":false,"_editorskit_reading_time":0,"_editorskit_is_block_options_detached":false,"_editorskit_block_options_position":"{}","_coblocks_attr":"","_coblocks_dimensions":"","_coblocks_responsive_height":"","_coblocks_accordion_ie_support":"","_uag_custom_page_level_css":"","footnotes":""},"categories":[61,39],"tags":[],"class_list":["post-7647","post","type-post","status-publish","format-standard","has-post-thumbnail","hentry","category-accio-sindical","category-circulars"],"acf":[],"featured_image_src":"https:\/\/fesmcugt.online\/wp-content\/uploads\/2025\/11\/salidas_voluntarias.jpeg","author_info":{"display_name":"UGT - BBVA","author_link":"https:\/\/fesmcugt.online\/ca\/author\/ugt-bbva\/"},"featured_image_src_square":"https:\/\/fesmcugt.online\/wp-content\/uploads\/2025\/11\/salidas_voluntarias.jpeg","uagb_featured_image_src":{"full":["https:\/\/fesmcugt.online\/wp-content\/uploads\/2025\/11\/salidas_voluntarias.jpeg",550,367,false],"thumbnail":["https:\/\/fesmcugt.online\/wp-content\/uploads\/2025\/11\/salidas_voluntarias-150x150.jpeg",150,150,true],"medium":["https:\/\/fesmcugt.online\/wp-content\/uploads\/2025\/11\/salidas_voluntarias-300x200.jpeg",300,200,true],"medium_large":["https:\/\/fesmcugt.online\/wp-content\/uploads\/2025\/11\/salidas_voluntarias.jpeg",550,367,false],"large":["https:\/\/fesmcugt.online\/wp-content\/uploads\/2025\/11\/salidas_voluntarias.jpeg",550,367,false],"1536x1536":["https:\/\/fesmcugt.online\/wp-content\/uploads\/2025\/11\/salidas_voluntarias.jpeg",550,367,false],"2048x2048":["https:\/\/fesmcugt.online\/wp-content\/uploads\/2025\/11\/salidas_voluntarias.jpeg",550,367,false],"gb-block-post-grid-landscape":["https:\/\/fesmcugt.online\/wp-content\/uploads\/2025\/11\/salidas_voluntarias.jpeg",550,367,false],"gb-block-post-grid-square":["https:\/\/fesmcugt.online\/wp-content\/uploads\/2025\/11\/salidas_voluntarias.jpeg",550,367,false]},"uagb_author_info":{"display_name":"UGT - BBVA","author_link":"https:\/\/fesmcugt.online\/ca\/author\/ugt-bbva\/"},"uagb_comment_info":0,"uagb_excerpt":"La reuni\u00f3 de dimarts ens ha deixat amb molts dubtes. No estem en condicions de valorar l\u2019abast d\u2019aquesta acci\u00f3 en descon\u00e8ixer-ho tot: no ens han dit la magnitud (han comentat que afectar\u00e0 totes les \u00e0rees de SSCC), no ens han explicat les condicions (van dir que serien bones, per\u00f2 sense especificar si iguals per a&hellip;","_links":{"self":[{"href":"https:\/\/fesmcugt.online\/ca\/wp-json\/wp\/v2\/posts\/7647","targetHints":{"allow":["GET"]}}],"collection":[{"href":"https:\/\/fesmcugt.online\/ca\/wp-json\/wp\/v2\/posts"}],"about":[{"href":"https:\/\/fesmcugt.online\/ca\/wp-json\/wp\/v2\/types\/post"}],"author":[{"embeddable":true,"href":"https:\/\/fesmcugt.online\/ca\/wp-json\/wp\/v2\/users\/7"}],"replies":[{"embeddable":true,"href":"https:\/\/fesmcugt.online\/ca\/wp-json\/wp\/v2\/comments?post=7647"}],"version-history":[{"count":3,"href":"https:\/\/fesmcugt.online\/ca\/wp-json\/wp\/v2\/posts\/7647\/revisions"}],"predecessor-version":[{"id":7650,"href":"https:\/\/fesmcugt.online\/ca\/wp-json\/wp\/v2\/posts\/7647\/revisions\/7650"}],"wp:featuredmedia":[{"embeddable":true,"href":"https:\/\/fesmcugt.online\/ca\/wp-json\/wp\/v2\/media\/7641"}],"wp:attachment":[{"href":"https:\/\/fesmcugt.online\/ca\/wp-json\/wp\/v2\/media?parent=7647"}],"wp:term":[{"taxonomy":"category","embeddable":true,"href":"https:\/\/fesmcugt.online\/ca\/wp-json\/wp\/v2\/categories?post=7647"},{"taxonomy":"post_tag","embeddable":true,"href":"https:\/\/fesmcugt.online\/ca\/wp-json\/wp\/v2\/tags?post=7647"}],"curies":[{"name":"wp","href":"https:\/\/api.w.org\/{rel}","templated":true}]}}