{"id":6711,"date":"2024-02-29T12:51:10","date_gmt":"2024-02-29T11:51:10","guid":{"rendered":"http:\/\/fesmcugt.online\/insultante-la-reunion-de-hoy\/"},"modified":"2024-06-11T11:46:47","modified_gmt":"2024-06-11T09:46:47","slug":"insultant-la-reunio-davui","status":"publish","type":"post","link":"https:\/\/fesmcugt.online\/ca\/arees\/circulars\/insultant-la-reunio-davui\/","title":{"rendered":"Insultant la reuni\u00f3 d&#8217;avui"},"content":{"rendered":"\n<p>A la reuni\u00f3 avui, la patronal de banca s\u2019ha rigut de les dades de seguiment de l&#8217;atur parcial. Per a UGT, les persones treballadores d&#8217;aquest sector que hagin participat es mereixen un m\u00ednim de respecte i aix\u00ed ho ha dit a la taula. S&#8217;haurien de preocupar m\u00e9s dels motius de per qu\u00e8 estem en aquesta situaci\u00f3.<\/p>\n\n\n<style>.wp-block-kadence-advancedbtn.kb-btns6711_5702cf-2d{gap:var(--global-kb-gap-xs, 0.5rem );justify-content:center;align-items:center;}.kt-btns6711_5702cf-2d .kt-button{font-weight:normal;font-style:normal;}<\/style>\n<div class=\"wp-block-kadence-advancedbtn kb-buttons-wrap kb-btns6711_5702cf-2d\"><style>ul.menu .wp-block-kadence-advancedbtn .kb-btn6711_7a33a3-1e.kb-button{width:initial;}.wp-block-kadence-advancedbtn .kb-btn6711_7a33a3-1e.kb-button{color:#ffffff;background:#cf2e2e;border-top-color:#555555;border-top-style:solid;border-right-color:#555555;border-right-style:solid;border-bottom-color:#555555;border-bottom-style:solid;border-left-color:#555555;border-left-style:solid;}.wp-block-kadence-advancedbtn .kb-btn6711_7a33a3-1e.kb-button:hover, .wp-block-kadence-advancedbtn .kb-btn6711_7a33a3-1e.kb-button:focus{color:#ffffff;background:#444444;border-top-color:#444444;border-top-style:solid;border-right-color:#444444;border-right-style:solid;border-bottom-color:#444444;border-bottom-style:solid;border-left-color:#444444;border-left-style:solid;}@media all and (max-width: 1024px){.wp-block-kadence-advancedbtn .kb-btn6711_7a33a3-1e.kb-button{border-top-color:#555555;border-top-style:solid;border-right-color:#555555;border-right-style:solid;border-bottom-color:#555555;border-bottom-style:solid;border-left-color:#555555;border-left-style:solid;}}@media all and (max-width: 1024px){.wp-block-kadence-advancedbtn .kb-btn6711_7a33a3-1e.kb-button:hover, .wp-block-kadence-advancedbtn .kb-btn6711_7a33a3-1e.kb-button:focus{border-top-color:#444444;border-top-style:solid;border-right-color:#444444;border-right-style:solid;border-bottom-color:#444444;border-bottom-style:solid;border-left-color:#444444;border-left-style:solid;}}@media all and (max-width: 767px){.wp-block-kadence-advancedbtn .kb-btn6711_7a33a3-1e.kb-button{border-top-color:#555555;border-top-style:solid;border-right-color:#555555;border-right-style:solid;border-bottom-color:#555555;border-bottom-style:solid;border-left-color:#555555;border-left-style:solid;}.wp-block-kadence-advancedbtn .kb-btn6711_7a33a3-1e.kb-button:hover, .wp-block-kadence-advancedbtn .kb-btn6711_7a33a3-1e.kb-button:focus{border-top-color:#444444;border-top-style:solid;border-right-color:#444444;border-right-style:solid;border-bottom-color:#444444;border-bottom-style:solid;border-left-color:#444444;border-left-style:solid;}}<\/style><a class=\"kb-button kt-button button kb-btn6711_7a33a3-1e kt-btn-size-standard kt-btn-width-type-auto kb-btn-global-outline  kt-btn-has-text-true kt-btn-has-svg-false  wp-block-kadence-singlebtn\" href=\"http:\/\/fesmcugt.online\/wp-content\/uploads\/2024\/03\/CIRC-SECTOR-29-2-24-CAT.pdf\"><span class=\"kt-btn-inner-text\">Descargar PDF <\/span><\/a><\/div>\n","protected":false},"excerpt":{"rendered":"<p>A la reuni\u00f3 avui, la patronal de banca s\u2019ha rigut de les dades de seguiment de l&#8217;atur parcial. Per a UGT, les persones treballadores d&#8217;aquest sector que hagin participat es mereixen un m\u00ednim de respecte i aix\u00ed ho ha dit a la taula. S&#8217;haurien de preocupar m\u00e9s dels motius de per qu\u00e8 estem en aquesta &#8230; <a title=\"Insultant la reuni\u00f3 d&#8217;avui\" class=\"read-more\" href=\"https:\/\/fesmcugt.online\/ca\/arees\/circulars\/insultant-la-reunio-davui\/\" aria-label=\"M\u00e9s informaci\u00f3 sobre Insultant la reuni\u00f3 d&#8217;avui\">Llegiu m\u00e9s<\/a><\/p>\n","protected":false},"author":7,"featured_media":6664,"comment_status":"open","ping_status":"open","sticky":false,"template":"","format":"standard","meta":{"_acf_changed":false,"_seopress_robots_primary_cat":"","_seopress_titles_title":"","_seopress_titles_desc":"A la reuni\u00f3 avui, la patronal de banca s\u2019ha rigut de les dades de seguiment de l'atur parcial. Per a UGT, les persones treballadores d'aquest sector que hagin participat es mereixen un m\u00ednim de respecte i aix\u00ed ho ha dit a la taula. S'haurien de preocupar m\u00e9s dels motius de per qu\u00e8 estem en aquesta situaci\u00f3.","_seopress_robots_index":"","_editorskit_title_hidden":false,"_editorskit_reading_time":1,"_editorskit_is_block_options_detached":false,"_editorskit_block_options_position":"{}","_coblocks_attr":"","_coblocks_dimensions":"","_coblocks_responsive_height":"","_coblocks_accordion_ie_support":"","_uag_custom_page_level_css":"","footnotes":""},"categories":[39,481],"tags":[],"class_list":["post-6711","post","type-post","status-publish","format-standard","has-post-thumbnail","hentry","category-circulars","category-conveni-2024-2026-ca"],"acf":[],"featured_image_src":"https:\/\/fesmcugt.online\/wp-content\/uploads\/2024\/02\/huelga-convenio.jpg","author_info":{"display_name":"UGT - BBVA","author_link":"https:\/\/fesmcugt.online\/ca\/author\/ugt-bbva\/"},"featured_image_src_square":"https:\/\/fesmcugt.online\/wp-content\/uploads\/2024\/02\/huelga-convenio.jpg","uagb_featured_image_src":{"full":["https:\/\/fesmcugt.online\/wp-content\/uploads\/2024\/02\/huelga-convenio.jpg",550,367,false],"thumbnail":["https:\/\/fesmcugt.online\/wp-content\/uploads\/2024\/02\/huelga-convenio-150x150.jpg",150,150,true],"medium":["https:\/\/fesmcugt.online\/wp-content\/uploads\/2024\/02\/huelga-convenio-300x200.jpg",300,200,true],"medium_large":["https:\/\/fesmcugt.online\/wp-content\/uploads\/2024\/02\/huelga-convenio.jpg",550,367,false],"large":["https:\/\/fesmcugt.online\/wp-content\/uploads\/2024\/02\/huelga-convenio.jpg",550,367,false],"1536x1536":["https:\/\/fesmcugt.online\/wp-content\/uploads\/2024\/02\/huelga-convenio.jpg",550,367,false],"2048x2048":["https:\/\/fesmcugt.online\/wp-content\/uploads\/2024\/02\/huelga-convenio.jpg",550,367,false],"gb-block-post-grid-landscape":["https:\/\/fesmcugt.online\/wp-content\/uploads\/2024\/02\/huelga-convenio.jpg",550,367,false],"gb-block-post-grid-square":["https:\/\/fesmcugt.online\/wp-content\/uploads\/2024\/02\/huelga-convenio.jpg",550,367,false]},"uagb_author_info":{"display_name":"UGT - BBVA","author_link":"https:\/\/fesmcugt.online\/ca\/author\/ugt-bbva\/"},"uagb_comment_info":0,"uagb_excerpt":"A la reuni\u00f3 avui, la patronal de banca s\u2019ha rigut de les dades de seguiment de l&#8217;atur parcial. Per a UGT, les persones treballadores d&#8217;aquest sector que hagin participat es mereixen un m\u00ednim de respecte i aix\u00ed ho ha dit a la taula. S&#8217;haurien de preocupar m\u00e9s dels motius de per qu\u00e8 estem en aquesta&hellip;","_links":{"self":[{"href":"https:\/\/fesmcugt.online\/ca\/wp-json\/wp\/v2\/posts\/6711","targetHints":{"allow":["GET"]}}],"collection":[{"href":"https:\/\/fesmcugt.online\/ca\/wp-json\/wp\/v2\/posts"}],"about":[{"href":"https:\/\/fesmcugt.online\/ca\/wp-json\/wp\/v2\/types\/post"}],"author":[{"embeddable":true,"href":"https:\/\/fesmcugt.online\/ca\/wp-json\/wp\/v2\/users\/7"}],"replies":[{"embeddable":true,"href":"https:\/\/fesmcugt.online\/ca\/wp-json\/wp\/v2\/comments?post=6711"}],"version-history":[{"count":4,"href":"https:\/\/fesmcugt.online\/ca\/wp-json\/wp\/v2\/posts\/6711\/revisions"}],"predecessor-version":[{"id":6716,"href":"https:\/\/fesmcugt.online\/ca\/wp-json\/wp\/v2\/posts\/6711\/revisions\/6716"}],"wp:featuredmedia":[{"embeddable":true,"href":"https:\/\/fesmcugt.online\/ca\/wp-json\/wp\/v2\/media\/6664"}],"wp:attachment":[{"href":"https:\/\/fesmcugt.online\/ca\/wp-json\/wp\/v2\/media?parent=6711"}],"wp:term":[{"taxonomy":"category","embeddable":true,"href":"https:\/\/fesmcugt.online\/ca\/wp-json\/wp\/v2\/categories?post=6711"},{"taxonomy":"post_tag","embeddable":true,"href":"https:\/\/fesmcugt.online\/ca\/wp-json\/wp\/v2\/tags?post=6711"}],"curies":[{"name":"wp","href":"https:\/\/api.w.org\/{rel}","templated":true}]}}