{"id":5119,"date":"2021-05-15T10:10:22","date_gmt":"2021-05-15T08:10:22","guid":{"rendered":"http:\/\/fesmcugt.online\/?p=5119"},"modified":"2024-06-11T11:47:28","modified_gmt":"2024-06-11T09:47:28","slug":"reunio-ero-12-5-21","status":"publish","type":"post","link":"https:\/\/fesmcugt.online\/ca\/arees\/circulars\/reunio-ero-12-5-21\/","title":{"rendered":"REUNI\u00d3 ERO 12\/5\/21"},"content":{"rendered":"\n<figure class=\"wp-block-table\"><table><tbody><tr><td>En el dia d&#8217;ahir, va tenir lloc la segona reuni\u00f3 del per\u00edode formal de negociaci\u00f3. <span class=\"has-inline-color has-vivid-red-color\"><span style=\"color: #993366;\"><strong>UGT<\/strong><\/span> <\/span>hem acudit a la mateixa amb el suport i l&#8217;al\u00e8 que la plantilla va demostrar el dilluns en les nombroses concentracions en diverses ciutats de l\u2019estat, amb <strong>gran \u00e8xit de participaci\u00f3<\/strong>.<\/td><\/tr><\/tbody><\/table><\/figure>\n\n\n<style>.wp-block-kadence-advancedbtn.kb-btns_988937-51{gap:var(--global-kb-gap-xs, 0.5rem );justify-content:center;align-items:center;}.kt-btns_988937-51 .kt-button{font-weight:normal;font-style:normal;}.kt-btns_988937-51 .kt-btn-wrap-0{margin-right:5px;}.wp-block-kadence-advancedbtn.kt-btns_988937-51 .kt-btn-wrap-0 .kt-button{color:#ffffff;background:#cf2e2e;border-color:#555555;}.wp-block-kadence-advancedbtn.kt-btns_988937-51 .kt-btn-wrap-0 .kt-button:hover, .wp-block-kadence-advancedbtn.kt-btns_988937-51 .kt-btn-wrap-0 .kt-button:focus{color:#ffffff;border-color:#444444;}.wp-block-kadence-advancedbtn.kt-btns_988937-51 .kt-btn-wrap-0 .kt-button::before{display:none;}.wp-block-kadence-advancedbtn.kt-btns_988937-51 .kt-btn-wrap-0 .kt-button:hover, .wp-block-kadence-advancedbtn.kt-btns_988937-51 .kt-btn-wrap-0 .kt-button:focus{background:#444444;}<\/style>\n<div class=\"wp-block-kadence-advancedbtn kt-btn-align-center kt-btn-tablet-align-inherit kt-btn-mobile-align-inherit kt-btns-wrap kt-btns_988937-51\"><div class=\"kt-btn-wrap kt-btn-wrap-0\"><a class=\"kt-button button kt-btn-0-action kt-btn-size-standard kt-btn-style-basic kt-btn-svg-show-always kt-btn-has-text-true kt-btn-has-svg-false\" href=\"http:\/\/fesmcugt.online\/wp-content\/uploads\/2021\/05\/CAT-Reunio&#x301;n-12-5-21-Copiar.pdf\"><span class=\"kt-btn-inner-text\">Descargar PDF<\/span><\/a><\/div><\/div>\n","protected":false},"excerpt":{"rendered":"<p>En el dia d&#8217;ahir, va tenir lloc la segona reuni\u00f3 del per\u00edode formal de negociaci\u00f3. UGT hem acudit a la mateixa amb el suport i l&#8217;al\u00e8 que la plantilla va demostrar el dilluns en les nombroses concentracions en diverses ciutats de l\u2019estat, amb gran \u00e8xit de participaci\u00f3.<\/p>\n","protected":false},"author":7,"featured_media":5123,"comment_status":"open","ping_status":"open","sticky":false,"template":"","format":"standard","meta":{"_acf_changed":false,"_seopress_robots_primary_cat":"99","_seopress_titles_title":"","_seopress_titles_desc":"En el dia d'ahir, va tenir lloc la segona reuni\u00f3 del per\u00edode formal de negociaci\u00f3. UGT hem acudit a la mateixa amb el suport i l'al\u00e8 que la plantilla va demostrar el dilluns en les nombroses concentracions en diverses ciutats de l\u2019estat, amb gran \u00e8xit de participaci\u00f3.","_seopress_robots_index":"","_editorskit_title_hidden":false,"_editorskit_reading_time":1,"_editorskit_is_block_options_detached":false,"_editorskit_block_options_position":"{}","_coblocks_attr":"","_coblocks_dimensions":"","_coblocks_responsive_height":"","_coblocks_accordion_ie_support":"","_uag_custom_page_level_css":"","footnotes":""},"categories":[39,119],"tags":[],"class_list":["post-5119","post","type-post","status-publish","format-standard","has-post-thumbnail","hentry","category-circulars","category-ero-2021"],"acf":[],"featured_image_src":"https:\/\/fesmcugt.online\/wp-content\/uploads\/2021\/05\/20210511-copncentraciones-03-550x400.jpg","author_info":{"display_name":"UGT - BBVA","author_link":"https:\/\/fesmcugt.online\/ca\/author\/ugt-bbva\/"},"featured_image_src_square":"https:\/\/fesmcugt.online\/wp-content\/uploads\/2021\/05\/20210511-copncentraciones-03.jpg","uagb_featured_image_src":{"full":["https:\/\/fesmcugt.online\/wp-content\/uploads\/2021\/05\/20210511-copncentraciones-03.jpg",550,413,false],"thumbnail":["https:\/\/fesmcugt.online\/wp-content\/uploads\/2021\/05\/20210511-copncentraciones-03-150x150.jpg",150,150,true],"medium":["https:\/\/fesmcugt.online\/wp-content\/uploads\/2021\/05\/20210511-copncentraciones-03-300x225.jpg",300,225,true],"medium_large":["https:\/\/fesmcugt.online\/wp-content\/uploads\/2021\/05\/20210511-copncentraciones-03.jpg",550,413,false],"large":["https:\/\/fesmcugt.online\/wp-content\/uploads\/2021\/05\/20210511-copncentraciones-03.jpg",550,413,false],"1536x1536":["https:\/\/fesmcugt.online\/wp-content\/uploads\/2021\/05\/20210511-copncentraciones-03.jpg",550,413,false],"2048x2048":["https:\/\/fesmcugt.online\/wp-content\/uploads\/2021\/05\/20210511-copncentraciones-03.jpg",550,413,false],"gb-block-post-grid-landscape":["https:\/\/fesmcugt.online\/wp-content\/uploads\/2021\/05\/20210511-copncentraciones-03-550x400.jpg",550,400,true],"gb-block-post-grid-square":["https:\/\/fesmcugt.online\/wp-content\/uploads\/2021\/05\/20210511-copncentraciones-03.jpg",550,413,false]},"uagb_author_info":{"display_name":"UGT - BBVA","author_link":"https:\/\/fesmcugt.online\/ca\/author\/ugt-bbva\/"},"uagb_comment_info":0,"uagb_excerpt":"En el dia d&#8217;ahir, va tenir lloc la segona reuni\u00f3 del per\u00edode formal de negociaci\u00f3. UGT hem acudit a la mateixa amb el suport i l&#8217;al\u00e8 que la plantilla va demostrar el dilluns en les nombroses concentracions en diverses ciutats de l\u2019estat, amb gran \u00e8xit de participaci\u00f3.","_links":{"self":[{"href":"https:\/\/fesmcugt.online\/ca\/wp-json\/wp\/v2\/posts\/5119","targetHints":{"allow":["GET"]}}],"collection":[{"href":"https:\/\/fesmcugt.online\/ca\/wp-json\/wp\/v2\/posts"}],"about":[{"href":"https:\/\/fesmcugt.online\/ca\/wp-json\/wp\/v2\/types\/post"}],"author":[{"embeddable":true,"href":"https:\/\/fesmcugt.online\/ca\/wp-json\/wp\/v2\/users\/7"}],"replies":[{"embeddable":true,"href":"https:\/\/fesmcugt.online\/ca\/wp-json\/wp\/v2\/comments?post=5119"}],"version-history":[{"count":4,"href":"https:\/\/fesmcugt.online\/ca\/wp-json\/wp\/v2\/posts\/5119\/revisions"}],"predecessor-version":[{"id":5131,"href":"https:\/\/fesmcugt.online\/ca\/wp-json\/wp\/v2\/posts\/5119\/revisions\/5131"}],"wp:featuredmedia":[{"embeddable":true,"href":"https:\/\/fesmcugt.online\/ca\/wp-json\/wp\/v2\/media\/5123"}],"wp:attachment":[{"href":"https:\/\/fesmcugt.online\/ca\/wp-json\/wp\/v2\/media?parent=5119"}],"wp:term":[{"taxonomy":"category","embeddable":true,"href":"https:\/\/fesmcugt.online\/ca\/wp-json\/wp\/v2\/categories?post=5119"},{"taxonomy":"post_tag","embeddable":true,"href":"https:\/\/fesmcugt.online\/ca\/wp-json\/wp\/v2\/tags?post=5119"}],"curies":[{"name":"wp","href":"https:\/\/api.w.org\/{rel}","templated":true}]}}